{"id":1341,"date":"2026-04-27T22:21:22","date_gmt":"2026-04-28T01:21:22","guid":{"rendered":"https:\/\/ensvtotoral-cba.infd.edu.ar\/sitio\/?p=1341"},"modified":"2026-04-27T22:21:23","modified_gmt":"2026-04-28T01:21:23","slug":"capacitate-en-la-ens-maestros-fundadores","status":"publish","type":"post","link":"https:\/\/ensvtotoral-cba.infd.edu.ar\/sitio\/capacitate-en-la-ens-maestros-fundadores\/","title":{"rendered":"Capacitate en la ENS Maestros Fundadores!!"},"content":{"rendered":"\n<p>&#x1f4e2; PREMATRICULACIONES ABIERTAS EN EL ISEP &#x2757;<\/p>\n\n\n\n<h2 class=\"wp-block-heading\">&#x2705;<strong>*Especializaci\u00f3n Docente de Nivel Superior en Ciencias Sociales para la ense\u00f1anza de la Geograf\u00eda*<\/strong><\/h2>\n\n\n\n<p>&#x1f4c5; El per\u00edodo de inscripci\u00f3n permanecer\u00e1 abierto <strong>*hasta el 12 de mayo o hasta completar cupo disponible*.<\/strong><\/p>\n\n\n\n<p>&#x1f4f2;&#x1f4bb; Las propuestas se iniciar\u00e1n en&nbsp; <strong>*mayo de 2026*.<\/strong><\/p>\n\n\n\n<p>&#x2795; Info: <a href=\"https:\/\/isep-cba.edu.ar\/web\/2026\/04\/27\/prematriculaciones-abiertas-para-especializaciones-para-el-nivel-secundario\/\">https:\/\/isep-cba.edu.ar\/web\/2026\/04\/27\/prematriculaciones-abiertas-para-especializaciones-para-el-nivel-secundario\/<\/a><\/p>\n\n\n\n<p>&#x1f4dd; Inscripciones: <a href=\"https:\/\/isep-cba.edu.ar\/autogestion\/prematriculacion\/inicio\">https:\/\/isep-cba.edu.ar\/autogestion\/prematriculacion\/inicio<\/a><\/p>\n\n\n<div class=\"wp-block-image\">\n<figure class=\"aligncenter size-large\"><img decoding=\"async\" loading=\"lazy\" width=\"1520\" height=\"1900\" src=\"https:\/\/ensvtotoral-cba.infd.edu.ar\/sitio\/wp-content\/uploads\/2026\/04\/maestrosfundadores1-1520x1900.jpg\" alt=\"\" class=\"wp-image-1342\" srcset=\"https:\/\/ensvtotoral-cba.infd.edu.ar\/sitio\/wp-content\/uploads\/2026\/04\/maestrosfundadores1-1520x1900.jpg 1520w, https:\/\/ensvtotoral-cba.infd.edu.ar\/sitio\/wp-content\/uploads\/2026\/04\/maestrosfundadores1-800x1000.jpg 800w, https:\/\/ensvtotoral-cba.infd.edu.ar\/sitio\/wp-content\/uploads\/2026\/04\/maestrosfundadores1-768x960.jpg 768w, https:\/\/ensvtotoral-cba.infd.edu.ar\/sitio\/wp-content\/uploads\/2026\/04\/maestrosfundadores1-1229x1536.jpg 1229w, https:\/\/ensvtotoral-cba.infd.edu.ar\/sitio\/wp-content\/uploads\/2026\/04\/maestrosfundadores1-1639x2048.jpg 1639w, https:\/\/ensvtotoral-cba.infd.edu.ar\/sitio\/wp-content\/uploads\/2026\/04\/maestrosfundadores1-scaled.jpg 2048w\" sizes=\"(max-width: 1520px) 100vw, 1520px\" \/><\/figure><\/div>","protected":false},"excerpt":{"rendered":"<p>&#x1f4e2; PREMATRICULACIONES ABIERTAS EN EL ISEP &#x2757; &#x2705;*Especializaci\u00f3n Docente de Nivel Superior en Ciencias Sociales para la ense\u00f1anza de la Geograf\u00eda* &#x1f4c5; El per\u00edodo de inscripci\u00f3n permanecer\u00e1 abierto *hasta el 12 de mayo o hasta completar cupo disponible*. &#x1f4f2;&#x1f4bb; Las propuestas se iniciar\u00e1n en&nbsp; *mayo de 2026*. &#x2795; Info: https:\/\/isep-cba.edu.ar\/web\/2026\/04\/27\/prematriculaciones-abiertas-para-especializaciones-para-el-nivel-secundario\/ &#x1f4dd; Inscripciones: https:\/\/isep-cba.edu.ar\/autogestion\/prematriculacion\/inicio<\/p>\n","protected":false},"author":255,"featured_media":0,"comment_status":"open","ping_status":"open","sticky":false,"template":"","format":"standard","meta":[],"categories":[1],"tags":[],"acf":[],"_links":{"self":[{"href":"https:\/\/ensvtotoral-cba.infd.edu.ar\/sitio\/wp-json\/wp\/v2\/posts\/1341"}],"collection":[{"href":"https:\/\/ensvtotoral-cba.infd.edu.ar\/sitio\/wp-json\/wp\/v2\/posts"}],"about":[{"href":"https:\/\/ensvtotoral-cba.infd.edu.ar\/sitio\/wp-json\/wp\/v2\/types\/post"}],"author":[{"embeddable":true,"href":"https:\/\/ensvtotoral-cba.infd.edu.ar\/sitio\/wp-json\/wp\/v2\/users\/255"}],"replies":[{"embeddable":true,"href":"https:\/\/ensvtotoral-cba.infd.edu.ar\/sitio\/wp-json\/wp\/v2\/comments?post=1341"}],"version-history":[{"count":2,"href":"https:\/\/ensvtotoral-cba.infd.edu.ar\/sitio\/wp-json\/wp\/v2\/posts\/1341\/revisions"}],"predecessor-version":[{"id":1344,"href":"https:\/\/ensvtotoral-cba.infd.edu.ar\/sitio\/wp-json\/wp\/v2\/posts\/1341\/revisions\/1344"}],"wp:attachment":[{"href":"https:\/\/ensvtotoral-cba.infd.edu.ar\/sitio\/wp-json\/wp\/v2\/media?parent=1341"}],"wp:term":[{"taxonomy":"category","embeddable":true,"href":"https:\/\/ensvtotoral-cba.infd.edu.ar\/sitio\/wp-json\/wp\/v2\/categories?post=1341"},{"taxonomy":"post_tag","embeddable":true,"href":"https:\/\/ensvtotoral-cba.infd.edu.ar\/sitio\/wp-json\/wp\/v2\/tags?post=1341"}],"curies":[{"name":"wp","href":"https:\/\/api.w.org\/{rel}","templated":true}]}}